{"id":1003,"date":"2019-10-21T07:44:20","date_gmt":"2019-10-21T05:44:20","guid":{"rendered":"https:\/\/zd-crnomelj.si\/zvc\/?p=1003"},"modified":"2019-10-21T07:44:20","modified_gmt":"2019-10-21T05:44:20","slug":"delavnici-zivljenjski-slog-in-dejavniki-tveganja","status":"publish","type":"post","link":"https:\/\/zd-crnomelj.si\/ckz\/2019\/10\/delavnici-zivljenjski-slog-in-dejavniki-tveganja\/","title":{"rendered":"delavnici \u017dIVLJENJSKI SLOG in DEJAVNIKI TVEGANJA"},"content":{"rendered":"<p>Si \u017eelite spremembe pa neveste kje za\u010deti?<span class=\"_5mfr\"><span class=\"_6qdm\">\u2753<\/span><\/span><span class=\"_5mfr\"><span class=\"_6qdm\">\u2753<\/span><\/span><br \/>\nImate mogo\u010de \u017ee kak dejavnik tveganja,\u00a0<span class=\"_5mfr\"><span class=\"_6qdm\">\ud83d\udc89<\/span><\/span><span class=\"_5mfr\"><span class=\"_6qdm\">\ud83d\udc8a<\/span><\/span>ki je na\u010del va\u0161e zdravje?<span class=\"_5mfr\"><span class=\"_6qdm\">\ud83d\udc8a<\/span><\/span><br \/>\nPridru\u017eite se nam to sredo\u00a0<span class=\"_5mfr\"><span class=\"_6qdm\">\ud83d\uddd3<\/span><\/span>23.10.2019 ob 16. uri\u00a0<span class=\"_5mfr\"><span class=\"_6qdm\">\ud83d\uddd3<\/span><\/span>\u00a0v sejni sobi zdravstvenega doma \u010crnomelj na delavnicah ZDRAV \u017dIVLJENJSKI SLOG<span class=\"_5mfr\"><span class=\"_6qdm\">\ud83c\udfc3<\/span><\/span><span class=\"_5mfr\"><span class=\"_6qdm\">\ud83d\udeb6<\/span><\/span><span class=\"_5mfr\"><span class=\"_6qdm\">\ud83d\udcaa<\/span><\/span>\u00a0in DEJAVNIKI TVEGANJA<span class=\"_5mfr\"><span class=\"_6qdm\">\ud83d\udeac<\/span><\/span><span class=\"_5mfr\"><span class=\"_6qdm\">\u26d4<\/span><\/span><span class=\"_5mfr\"><span class=\"_6qdm\">\ud83d\udeab<\/span><\/span><\/p>\n","protected":false},"excerpt":{"rendered":"<p>Si \u017eelite spremembe pa neveste kje za\u010deti?\u2753\u2753 Imate mogo\u010de \u017ee kak dejavnik tveganja,\u00a0\ud83d\udc89\ud83d\udc8aki je na\u010del va\u0161e zdravje?\ud83d\udc8a Pridru\u017eite se nam to sredo\u00a0\ud83d\uddd323.10.2019 ob 16. uri\u00a0\ud83d\uddd3\u00a0v sejni sobi zdravstvenega doma \u010crnomelj na delavnicah ZDRAV \u017dIVLJENJSKI SLOG\ud83c\udfc3\ud83d\udeb6\ud83d\udcaa\u00a0in DEJAVNIKI TVEGANJA\ud83d\udeac\u26d4\ud83d\udeab<\/p>\n","protected":false},"author":5,"featured_media":883,"comment_status":"closed","ping_status":"open","sticky":false,"template":"","format":"standard","meta":{"footnotes":""},"categories":[5],"tags":[],"class_list":["post-1003","post","type-post","status-publish","format-standard","has-post-thumbnail","hentry","category-vabila"],"_links":{"self":[{"href":"https:\/\/zd-crnomelj.si\/ckz\/wp-json\/wp\/v2\/posts\/1003","targetHints":{"allow":["GET"]}}],"collection":[{"href":"https:\/\/zd-crnomelj.si\/ckz\/wp-json\/wp\/v2\/posts"}],"about":[{"href":"https:\/\/zd-crnomelj.si\/ckz\/wp-json\/wp\/v2\/types\/post"}],"author":[{"embeddable":true,"href":"https:\/\/zd-crnomelj.si\/ckz\/wp-json\/wp\/v2\/users\/5"}],"replies":[{"embeddable":true,"href":"https:\/\/zd-crnomelj.si\/ckz\/wp-json\/wp\/v2\/comments?post=1003"}],"version-history":[{"count":1,"href":"https:\/\/zd-crnomelj.si\/ckz\/wp-json\/wp\/v2\/posts\/1003\/revisions"}],"predecessor-version":[{"id":1004,"href":"https:\/\/zd-crnomelj.si\/ckz\/wp-json\/wp\/v2\/posts\/1003\/revisions\/1004"}],"wp:featuredmedia":[{"embeddable":true,"href":"https:\/\/zd-crnomelj.si\/ckz\/wp-json\/wp\/v2\/media\/883"}],"wp:attachment":[{"href":"https:\/\/zd-crnomelj.si\/ckz\/wp-json\/wp\/v2\/media?parent=1003"}],"wp:term":[{"taxonomy":"category","embeddable":true,"href":"https:\/\/zd-crnomelj.si\/ckz\/wp-json\/wp\/v2\/categories?post=1003"},{"taxonomy":"post_tag","embeddable":true,"href":"https:\/\/zd-crnomelj.si\/ckz\/wp-json\/wp\/v2\/tags?post=1003"}],"curies":[{"name":"wp","href":"https:\/\/api.w.org\/{rel}","templated":true}]}}