{"id":370,"date":"2018-03-14T13:47:06","date_gmt":"2018-03-14T12:47:06","guid":{"rendered":"https:\/\/zd-crnomelj.si\/zvc\/?p=370"},"modified":"2018-04-19T14:47:10","modified_gmt":"2018-04-19T12:47:10","slug":"svetovni-dan-ledvic-2018","status":"publish","type":"post","link":"https:\/\/zd-crnomelj.si\/ckz\/2018\/03\/svetovni-dan-ledvic-2018\/","title":{"rendered":"Svetovni dan ledvic 2018"},"content":{"rendered":"<p><span style=\"font-size: 14pt\"><strong>Svetovni dan ledvic 2018 v ZD \u010crnomelj<\/strong><\/span><\/p>\n<p>Na dan \u017eena, 8 marca, smo v Zdravstvenem domu \u010crnomelj obele\u017eili Svetovni dan ledvic. Leto\u0161nja tema je bila posve\u010dena ledvicam in zdravju \u017eensk. Informacijska to\u010dka, merjenje krvnega tlaka in testiranje prisotnosti beljakovin v se\u010du so potekale od 8.00 do 11.00 ure v avli zdravstvenega doma. Vsem udele\u017eencem smo zagotovili informativno gradivo in jih tako spodbudili k informiranosti o zdravju ledvic, kroni\u010dni ledvi\u010dni odpovedi ter skrbi za zdrave ledvice. Aktivnosti se je udele\u017eilo 58 ljudi od tega 42 \u017eensk ter 16 mo\u0161kih. Pri aktivnostih je bil vklju\u010den tudi laboratorij, ki je prijazno omogo\u010dil izvajanje testiranja na prisotnosti beljakovin v se\u010du. Opravili so 51 analiz se\u010da.<\/p>\n<p>Pripravila: Sara Pav\u0161er, dipl.m.s.<\/p>\n<p>&nbsp;<\/p>\n<p><img loading=\"lazy\" decoding=\"async\" class=\"alignnone size-medium wp-image-373\" src=\"https:\/\/zd-crnomelj.si\/zvc\/wp-content\/uploads\/sites\/3\/2018\/03\/20180308_105249_002-e1521031544171-300x169.jpg\" alt=\"\" width=\"300\" height=\"169\" srcset=\"https:\/\/zd-crnomelj.si\/ckz\/wp-content\/uploads\/sites\/3\/2018\/03\/20180308_105249_002-e1521031544171-300x169.jpg 300w, https:\/\/zd-crnomelj.si\/ckz\/wp-content\/uploads\/sites\/3\/2018\/03\/20180308_105249_002-e1521031544171-768x432.jpg 768w, https:\/\/zd-crnomelj.si\/ckz\/wp-content\/uploads\/sites\/3\/2018\/03\/20180308_105249_002-e1521031544171-1024x576.jpg 1024w\" sizes=\"auto, (max-width: 300px) 100vw, 300px\" \/><\/p>\n","protected":false},"excerpt":{"rendered":"<p>Svetovni dan ledvic 2018 v ZD \u010crnomelj Na dan \u017eena, 8 marca, smo v Zdravstvenem domu \u010crnomelj obele\u017eili Svetovni dan ledvic. Leto\u0161nja tema je bila posve\u010dena ledvicam in zdravju \u017eensk. Informacijska to\u010dka, merjenje krvnega tlaka in testiranje prisotnosti beljakovin v se\u010du so potekale od 8.00 do 11.00 ure v avli zdravstvenega doma. Vsem udele\u017eencem smo [&hellip;]<\/p>\n","protected":false},"author":5,"featured_media":373,"comment_status":"closed","ping_status":"closed","sticky":false,"template":"","format":"standard","meta":{"footnotes":""},"categories":[1],"tags":[],"class_list":["post-370","post","type-post","status-publish","format-standard","has-post-thumbnail","hentry","category-nekategorizirano"],"_links":{"self":[{"href":"https:\/\/zd-crnomelj.si\/ckz\/wp-json\/wp\/v2\/posts\/370","targetHints":{"allow":["GET"]}}],"collection":[{"href":"https:\/\/zd-crnomelj.si\/ckz\/wp-json\/wp\/v2\/posts"}],"about":[{"href":"https:\/\/zd-crnomelj.si\/ckz\/wp-json\/wp\/v2\/types\/post"}],"author":[{"embeddable":true,"href":"https:\/\/zd-crnomelj.si\/ckz\/wp-json\/wp\/v2\/users\/5"}],"replies":[{"embeddable":true,"href":"https:\/\/zd-crnomelj.si\/ckz\/wp-json\/wp\/v2\/comments?post=370"}],"version-history":[{"count":2,"href":"https:\/\/zd-crnomelj.si\/ckz\/wp-json\/wp\/v2\/posts\/370\/revisions"}],"predecessor-version":[{"id":375,"href":"https:\/\/zd-crnomelj.si\/ckz\/wp-json\/wp\/v2\/posts\/370\/revisions\/375"}],"wp:featuredmedia":[{"embeddable":true,"href":"https:\/\/zd-crnomelj.si\/ckz\/wp-json\/wp\/v2\/media\/373"}],"wp:attachment":[{"href":"https:\/\/zd-crnomelj.si\/ckz\/wp-json\/wp\/v2\/media?parent=370"}],"wp:term":[{"taxonomy":"category","embeddable":true,"href":"https:\/\/zd-crnomelj.si\/ckz\/wp-json\/wp\/v2\/categories?post=370"},{"taxonomy":"post_tag","embeddable":true,"href":"https:\/\/zd-crnomelj.si\/ckz\/wp-json\/wp\/v2\/tags?post=370"}],"curies":[{"name":"wp","href":"https:\/\/api.w.org\/{rel}","templated":true}]}}