{"id":908,"date":"2019-05-30T13:42:05","date_gmt":"2019-05-30T11:42:05","guid":{"rendered":"https:\/\/zd-crnomelj.si\/zvc\/?p=908"},"modified":"2019-05-30T13:42:05","modified_gmt":"2019-05-30T11:42:05","slug":"delavnica-s-sladkorno-boleznijo-skozi-zivljenje","status":"publish","type":"post","link":"https:\/\/zd-crnomelj.si\/ckz\/2019\/05\/delavnica-s-sladkorno-boleznijo-skozi-zivljenje\/","title":{"rendered":"delavnica S sladkorno boleznijo skozi \u017eivljenje"},"content":{"rendered":"<p>V<strong> ponedeljek, 3. 6. 2019<\/strong> ob 1<strong>6.ur<\/strong>i pri\u010dnemo z delavnico <strong>S sladkorno boleznijo skozi \u017eivljenje<\/strong>, ki bo potekala v sejni sobi ZD \u010crnomelj.<\/p>\n<p>Program je namenjen odraslim bolnikom s sladkorno boleznijo tipa 2, ki se zaradi sladkorne bolezni oskrbujejo v ambulanti splo\u0161ne\/dru\u017einske medicine in se \u017eelijo poglobljeno ukvarjati s sladkorno boleznijo. Delavnica poteka v petih sre\u010danjih. Program ni namenjen bolnikom, ki se vodijo v diabetolo\u0161kih ambulantah, saj njim kontinuirano edukacijo zagotavlja diabetolo\u0161ki tim.<\/p>\n<p>Center za krepitev zdravja.<\/p>\n<p>&nbsp;<\/p>\n<p><img loading=\"lazy\" decoding=\"async\" class=\"alignnone size-medium wp-image-909\" src=\"https:\/\/zd-crnomelj.si\/zvc\/wp-content\/uploads\/sites\/3\/2019\/05\/S-SLADKORNO-BOLEZNIJO-SKOZI-\u017dIVLJENJE-300x251.png\" alt=\"\" width=\"300\" height=\"251\" srcset=\"https:\/\/zd-crnomelj.si\/ckz\/wp-content\/uploads\/sites\/3\/2019\/05\/S-SLADKORNO-BOLEZNIJO-SKOZI-\u017dIVLJENJE-300x251.png 300w, https:\/\/zd-crnomelj.si\/ckz\/wp-content\/uploads\/sites\/3\/2019\/05\/S-SLADKORNO-BOLEZNIJO-SKOZI-\u017dIVLJENJE-768x644.png 768w, https:\/\/zd-crnomelj.si\/ckz\/wp-content\/uploads\/sites\/3\/2019\/05\/S-SLADKORNO-BOLEZNIJO-SKOZI-\u017dIVLJENJE.png 940w\" sizes=\"auto, (max-width: 300px) 100vw, 300px\" \/><\/p>\n","protected":false},"excerpt":{"rendered":"<p>V ponedeljek, 3. 6. 2019 ob 16.uri pri\u010dnemo z delavnico S sladkorno boleznijo skozi \u017eivljenje, ki bo potekala v sejni sobi ZD \u010crnomelj. Program je namenjen odraslim bolnikom s sladkorno boleznijo tipa 2, ki se zaradi sladkorne bolezni oskrbujejo v ambulanti splo\u0161ne\/dru\u017einske medicine in se \u017eelijo poglobljeno ukvarjati s sladkorno boleznijo. Delavnica poteka v petih [&hellip;]<\/p>\n","protected":false},"author":9,"featured_media":0,"comment_status":"closed","ping_status":"open","sticky":false,"template":"","format":"standard","meta":{"footnotes":""},"categories":[5],"tags":[],"class_list":["post-908","post","type-post","status-publish","format-standard","hentry","category-vabila"],"_links":{"self":[{"href":"https:\/\/zd-crnomelj.si\/ckz\/wp-json\/wp\/v2\/posts\/908","targetHints":{"allow":["GET"]}}],"collection":[{"href":"https:\/\/zd-crnomelj.si\/ckz\/wp-json\/wp\/v2\/posts"}],"about":[{"href":"https:\/\/zd-crnomelj.si\/ckz\/wp-json\/wp\/v2\/types\/post"}],"author":[{"embeddable":true,"href":"https:\/\/zd-crnomelj.si\/ckz\/wp-json\/wp\/v2\/users\/9"}],"replies":[{"embeddable":true,"href":"https:\/\/zd-crnomelj.si\/ckz\/wp-json\/wp\/v2\/comments?post=908"}],"version-history":[{"count":1,"href":"https:\/\/zd-crnomelj.si\/ckz\/wp-json\/wp\/v2\/posts\/908\/revisions"}],"predecessor-version":[{"id":910,"href":"https:\/\/zd-crnomelj.si\/ckz\/wp-json\/wp\/v2\/posts\/908\/revisions\/910"}],"wp:attachment":[{"href":"https:\/\/zd-crnomelj.si\/ckz\/wp-json\/wp\/v2\/media?parent=908"}],"wp:term":[{"taxonomy":"category","embeddable":true,"href":"https:\/\/zd-crnomelj.si\/ckz\/wp-json\/wp\/v2\/categories?post=908"},{"taxonomy":"post_tag","embeddable":true,"href":"https:\/\/zd-crnomelj.si\/ckz\/wp-json\/wp\/v2\/tags?post=908"}],"curies":[{"name":"wp","href":"https:\/\/api.w.org\/{rel}","templated":true}]}}